{"id":22,"date":"2026-07-20T22:18:16","date_gmt":"2026-07-20T22:18:16","guid":{"rendered":"https:\/\/blog.onzearquitectura.com\/?p=22"},"modified":"2026-07-20T22:18:16","modified_gmt":"2026-07-20T22:18:16","slug":"el-interior-como-santuario-confort-espacial-y-bienestar-durante-los-meses-de-mayor-temperatura","status":"publish","type":"post","link":"https:\/\/blog.onzearquitectura.com\/index.php\/2026\/07\/20\/el-interior-como-santuario-confort-espacial-y-bienestar-durante-los-meses-de-mayor-temperatura\/","title":{"rendered":"El interior como santuario: confort espacial y bienestar durante los meses de mayor temperatura"},"content":{"rendered":"\n<p><strong>Por Onze Arquitectura<\/strong> | <em>Lectura de 5 minutos<\/em><\/p>\n\n\n\n<p>Cuando el term\u00f3metro en La Paz supera los 35 \u00b0C a pleno mediod\u00eda en el mes de julio, la din\u00e1mica urbana cambia dr\u00e1sticamente. El espacio exterior se vuelve temporalmente hostil y el interior de nuestras residencias asume un papel cr\u00edtico: deja de ser solo un espacio de tr\u00e1nsito para convertirse en un estricto refugio clim\u00e1tico. Sin embargo, en la pr\u00e1ctica arquitect\u00f3nica de alto nivel, encerrarse en un cuarto con el aire acondicionado al m\u00e1ximo no es sin\u00f3nimo de habitar bien.<\/p>\n\n\n\n<p>Para concebir espacios preparados para el futuro, la arquitectura residencial ha evolucionado hacia la creaci\u00f3n de un &#8220;santuario multisensorial&#8221;, un concepto que plantea el espacio como un refugio ante la aceleraci\u00f3n del entorno y las inclemencias del clima. En Onze Arquitectura, abordamos los meses de mayor temperatura no solo desde la f\u00edsica del aislamiento t\u00e9rmico, sino desde la percepci\u00f3n del cuerpo.<\/p>\n\n\n\n<h4 class=\"wp-block-heading\"><strong>Biohabitabilidad: el espacio que responde al usuario<\/strong><\/h4>\n\n\n\n<p>El confort espacial moderno ya no se mide \u00fanicamente en grados cent\u00edgrados. Conceptos como la biohabitabilidad son ahora imprescindibles en el dise\u00f1o, priorizando el bienestar f\u00edsico y emocional de las personas mediante la integraci\u00f3n estrat\u00e9gica de iluminaci\u00f3n natural, ventilaci\u00f3n cruzada y espacios verdes interiores.<\/p>\n\n\n\n<p>Para lograr esto, aplicamos principios de arquitectura bioc\u00e9ntrica, un enfoque que entiende al habitante como un organismo biol\u00f3gico sensible a los ritmos de su entorno. Al dise\u00f1ar con esta conciencia espacial, creamos refugios que respetan nuestros procesos biol\u00f3gicos; utilizamos la transici\u00f3n entre luz y sombra para indicarle al cuerpo de manera sutil cu\u00e1ndo es momento de activarse y cu\u00e1ndo es momento de descansar, mitigando el estr\u00e9s t\u00e9rmico del verano.<\/p>\n\n\n\n<h4 class=\"wp-block-heading\"><strong>Materialidad t\u00e1ctil y paletas de refugio<\/strong><\/h4>\n\n\n\n<p>Durante los meses m\u00e1s calurosos en Baja California Sur, la vista se fatiga r\u00e1pidamente por el exceso de luz solar y el resplandor de la costa. Para contrarrestar esto en el interior, la respuesta arquitect\u00f3nica es suavizar los materiales y buscar que las superficies inviten al tacto, logrando que la arquitectura se acerque m\u00e1s a la percepci\u00f3n del cuerpo que a la forma geom\u00e9trica en s\u00ed misma.<\/p>\n\n\n\n<p>Nos alejamos de las superficies excesivamente lisas o reflectantes, apostando por paredes con profundidad y acabados org\u00e1nicos que funcionan como una herramienta de inclusi\u00f3n sensorial. A nivel crom\u00e1tico, la estrategia consiste en aplicar t\u00e9cnicas envolventes donde techos y muros comparten tonalidades profundas inspiradas en el paisaje sudcaliforniano \u2014como terracotas, ocres o verdes\u2014 para brindar una sensaci\u00f3n psicol\u00f3gica inmediata de resguardo y frescura.<\/p>\n\n\n\n<h4 class=\"wp-block-heading\"><strong>El equilibrio sensorial como el nuevo lujo<\/strong><\/h4>\n\n\n\n<p>Un interior exitoso en climas extremos requiere que la luz, el sonido, las texturas y hasta los aromas se integren org\u00e1nicamente en una experiencia que busca restaurar el equilibrio humano. Al combinar una envolvente t\u00e9rmica t\u00e9cnicamente rigurosa con un interiorismo enfocado en los sentidos, logramos que el usuario se a\u00edsle por completo de la agresividad del clima exterior.<\/p>\n\n\n\n<p>En Onze Arquitectura, sabemos que el verdadero est\u00e1ndar de calidad de un proyecto en La Paz se pone a prueba en pleno mes de julio. El lujo contempor\u00e1neo es ese momento exacto en el que cruzas la puerta de entrada, la luz se vuelve tenue y serena, la temperatura desciende dr\u00e1sticamente de forma pasiva y el espacio, literalmente, te ofrece un respiro.<\/p>\n\n\n\n<figure class=\"wp-block-image size-large\"><img loading=\"lazy\" decoding=\"async\" width=\"1024\" height=\"640\" src=\"https:\/\/blog.onzearquitectura.com\/wp-content\/uploads\/2026\/07\/image-1024x640.png\" alt=\"\" class=\"wp-image-24\" srcset=\"https:\/\/blog.onzearquitectura.com\/wp-content\/uploads\/2026\/07\/image-1024x640.png 1024w, https:\/\/blog.onzearquitectura.com\/wp-content\/uploads\/2026\/07\/image-300x188.png 300w, https:\/\/blog.onzearquitectura.com\/wp-content\/uploads\/2026\/07\/image-768x480.png 768w, https:\/\/blog.onzearquitectura.com\/wp-content\/uploads\/2026\/07\/image.png 1080w\" sizes=\"auto, (max-width: 1024px) 100vw, 1024px\" \/><\/figure>\n","protected":false},"excerpt":{"rendered":"<p>Por Onze Arquitectura | Lectura de 5 minutos Cuando el term\u00f3metro en La Paz supera los 35 \u00b0C a pleno mediod\u00eda en el mes de julio, la din\u00e1mica urbana cambia dr\u00e1sticamente. El espacio exterior se vuelve temporalmente hostil y el interior de nuestras residencias asume un papel cr\u00edtico: deja de ser solo un espacio de [&hellip;]<\/p>\n","protected":false},"author":1,"featured_media":23,"comment_status":"open","ping_status":"open","sticky":false,"template":"","format":"standard","meta":{"footnotes":""},"categories":[4],"tags":[],"class_list":["post-22","post","type-post","status-publish","format-standard","has-post-thumbnail","hentry","category-espanol"],"_links":{"self":[{"href":"https:\/\/blog.onzearquitectura.com\/index.php\/wp-json\/wp\/v2\/posts\/22","targetHints":{"allow":["GET"]}}],"collection":[{"href":"https:\/\/blog.onzearquitectura.com\/index.php\/wp-json\/wp\/v2\/posts"}],"about":[{"href":"https:\/\/blog.onzearquitectura.com\/index.php\/wp-json\/wp\/v2\/types\/post"}],"author":[{"embeddable":true,"href":"https:\/\/blog.onzearquitectura.com\/index.php\/wp-json\/wp\/v2\/users\/1"}],"replies":[{"embeddable":true,"href":"https:\/\/blog.onzearquitectura.com\/index.php\/wp-json\/wp\/v2\/comments?post=22"}],"version-history":[{"count":1,"href":"https:\/\/blog.onzearquitectura.com\/index.php\/wp-json\/wp\/v2\/posts\/22\/revisions"}],"predecessor-version":[{"id":25,"href":"https:\/\/blog.onzearquitectura.com\/index.php\/wp-json\/wp\/v2\/posts\/22\/revisions\/25"}],"wp:featuredmedia":[{"embeddable":true,"href":"https:\/\/blog.onzearquitectura.com\/index.php\/wp-json\/wp\/v2\/media\/23"}],"wp:attachment":[{"href":"https:\/\/blog.onzearquitectura.com\/index.php\/wp-json\/wp\/v2\/media?parent=22"}],"wp:term":[{"taxonomy":"category","embeddable":true,"href":"https:\/\/blog.onzearquitectura.com\/index.php\/wp-json\/wp\/v2\/categories?post=22"},{"taxonomy":"post_tag","embeddable":true,"href":"https:\/\/blog.onzearquitectura.com\/index.php\/wp-json\/wp\/v2\/tags?post=22"}],"curies":[{"name":"wp","href":"https:\/\/api.w.org\/{rel}","templated":true}]}}